{"id":1312,"date":"2024-05-02T10:50:45","date_gmt":"2024-05-02T08:50:45","guid":{"rendered":"https:\/\/dianasocaciu.com\/non-categorizzato\/elaborazione-del-lutto\/"},"modified":"2024-05-02T17:28:16","modified_gmt":"2024-05-02T15:28:16","slug":"elaborarea-doliului","status":"publish","type":"post","link":"https:\/\/dianasocaciu.com\/ro\/constelatii-familiale-sistemice\/elaborarea-doliului\/","title":{"rendered":"Elaborarea doliului"},"content":{"rendered":"\t\t<div data-elementor-type=\"wp-post\" data-elementor-id=\"1312\" class=\"elementor elementor-1312 elementor-1305\" data-elementor-post-type=\"post\">\n\t\t\t\t<div class=\"elementor-element elementor-element-37221f6 e-flex e-con-boxed e-con e-parent\" data-id=\"37221f6\" data-element_type=\"container\" data-e-type=\"container\">\n\t\t\t\t\t<div class=\"e-con-inner\">\n\t\t\t\t<div class=\"elementor-element elementor-element-24836b3 elementor-widget elementor-widget-text-editor\" data-id=\"24836b3\" data-element_type=\"widget\" data-e-type=\"widget\" data-widget_type=\"text-editor.default\">\n\t\t\t\t<div class=\"elementor-widget-container\">\n\t\t\t\t\t\t\t\t\t<h2>Constela\u021bii familiale \u0219i procesul de elaborare a doliului<\/h2><p>Desigur, \u00een\u021beleg bine c\u0103 tema mor\u021bii este una sensibil\u0103 \u0219i c\u0103 a \u00eenfrunta doliul \u0219i durerea este una dintre cele mai dificile provoc\u0103ri pe care le putem \u00eent\u00e2lni \u00een via\u021b\u0103. Ca profesionist \u00een rela\u021biile de ajutor, am v\u0103zut c\u00e2t de vital este s\u0103 \u00een\u021belegem importan\u021ba elabor\u0103rii durerii \u0219i a repercusiunilor nereusitei sale asupra vie\u021bii noastre emo\u021bionale.<\/p><p>\u00ce\u021bi explic:<\/p><p>\u00cenchipuie-\u021bi inima ca pe un gr\u0103din\u0103. Atunci c\u00e2nd te confrun\u021bi cu o pierdere, este ca \u0219i cum o furtun\u0103 nea\u0219teptat\u0103 ar devasta aceast\u0103 gr\u0103din\u0103. Sunt copaci dobor\u00e2\u021bi, flori ofilite \u0219i un sentiment de dezolare care \u00eembrac\u0103 totul. Elaborarea doliului este ca \u0219i cum ai \u00eencepe s\u0103 cure\u021bi acea gr\u0103din\u0103. Este un proces delicat, care necesit\u0103 timp, r\u0103bdare \u0219i bun\u0103tate.<\/p><p>Atunci c\u00e2nd nu elabor\u0103m doliul, l\u0103s\u0103m acea durere s\u0103 r\u0103m\u00e2n\u0103 \u00een gr\u0103dina noastr\u0103 emo\u021bional\u0103. Poate deveni ca un buruian\u0103 care sufoc\u0103 bucuria \u0219i pacea interioar\u0103. Am putea s\u0103 ne g\u0103sim incapabili s\u0103 ne conect\u0103m profund cu ceilal\u021bi, s\u0103 ne confrunt\u0103m cu provoc\u0103rile zilnice sau chiar s\u0103 g\u0103sim un scop \u00een via\u021b\u0103.<\/p><p><strong>Constela\u021biile familiale<\/strong>, un instrument valoros \u00een munca de ajutor, ne arat\u0103 cum doliul poate influen\u021ba nu doar pe noi \u00een\u0219ine, ci \u0219i dinamica din cadrul familiei noastre. Durerea neelaborat\u0103 poate crea tensiuni, ne\u00een\u021belegeri \u0219i chiar diviz\u0103ri \u00een cadrul sistemului familial.<\/p><p>Dar exist\u0103 speran\u021b\u0103. Atunci c\u00e2nd ne imergem \u00een procesul de elaborare a doliului, \u00eencepem s\u0103 cur\u0103\u021b\u0103m acea gr\u0103din\u0103 emo\u021bional\u0103. G\u0103sim curajul de a ne confrunta cu durerea, de a l\u0103sa s\u0103 plece ceea ce nu putem schimba \u0219i de a onora sentimentele noastre cele mai profunde. \u00cen acest proces, putem descoperi resurse interioare pe care nu \u0219tiam c\u0103 le avem \u0219i putem redescoperi sensul \u0219i frumuse\u021bea vie\u021bii.<\/p><p>Elaborarea doliului nu \u00eenseamn\u0103 uitarea persoanei pe care am pierdut-o sau a durerii pe care am tr\u0103it-o. \u00censeamn\u0103 mai degrab\u0103 integrarea acelei pierderi \u00een \u021bes\u0103tura vie\u021bii noastre, transform\u00e2nd durerea noastr\u0103 \u00een \u00een\u021belepciune, compasiune \u0219i dragoste pentru noi \u00een\u0219ine \u0219i pentru ceilal\u021bi.<\/p><p>Ca profesionist \u00een rela\u021biile de ajutor, te \u00eencurajez s\u0103 ai grij\u0103 de gr\u0103dina ta emo\u021bional\u0103. Fii bl\u00e2nd cu tine \u00eensu\u021bi \u00een timp ce treci prin procesul de elaborare a doliului. G\u0103se\u0219te sprijin \u00een cei dragi, \u00een terapie sau \u00een grupurile de suport. Aminte\u0219te-\u021bi c\u0103 nu e\u0219ti singur \u0219i c\u0103 exist\u0103 speran\u021b\u0103 dincolo de durere.<\/p><p>Cu timp \u0219i grij\u0103, acea gr\u0103din\u0103 devastat\u0103 poate deveni un loc de frumuse\u021be, putere \u0219i rena\u0219tere. \u0218i tu, cu inima ta vindecat\u0103, vei fi capabil s\u0103 \u00eemp\u0103rt\u0103\u0219e\u0219ti lumina ta cu lumea.<\/p><p>Elaborarea doliului este fundamental\u0103 pentru c\u0103 ne permite s\u0103 onor\u0103m durerea noastr\u0103 \u0219i s\u0103 o transform\u0103m \u00een cre\u0219tere \u0219i vindecare. Pentru noi \u00een\u0219ine, \u00eenseamn\u0103 g\u0103sirea p\u0103cii interioare \u0219i a capacit\u0103\u021bii de a face fa\u021b\u0103 vie\u021bii cu mai mult\u0103 rezilien\u021b\u0103. Pentru cei din jurul nostru, ne permite s\u0103 men\u021binem rela\u021bii mai s\u0103n\u0103toase, s\u0103 \u00eemp\u0103rt\u0103\u0219im dragostea noastr\u0103 mai autentic \u0219i s\u0103 influen\u021b\u0103m pozitiv starea lor emo\u021bional\u0103.<\/p>\t\t\t\t\t\t\t\t<\/div>\n\t\t\t\t<\/div>\n\t\t\t\t\t<\/div>\n\t\t\t\t<\/div>\n\t\t\t\t<\/div>\n\t\t","protected":false},"excerpt":{"rendered":"<p>Constela\u021bii familiale \u0219i procesul de elaborare a doliului Desigur, \u00een\u021beleg bine c\u0103 tema mor\u021bii este una sensibil\u0103 \u0219i c\u0103 a \u00eenfrunta doliul \u0219i durerea este una dintre cele mai dificile provoc\u0103ri pe care le putem \u00eent\u00e2lni \u00een via\u021b\u0103. Ca profesionist \u00een rela\u021biile de ajutor, am v\u0103zut c\u00e2t de vital este s\u0103 \u00een\u021belegem importan\u021ba elabor\u0103rii durerii [&hellip;]<\/p>\n","protected":false},"author":1,"featured_media":1307,"comment_status":"open","ping_status":"open","sticky":false,"template":"","format":"standard","meta":{"_acf_changed":false,"inline_featured_image":false,"footnotes":""},"categories":[13],"tags":[],"class_list":["post-1312","post","type-post","status-publish","format-standard","has-post-thumbnail","hentry","category-constelatii-familiale-sistemice"],"acf":[],"yoast_head":"<!-- This site is optimized with the Yoast SEO plugin v27.0 - https:\/\/yoast.com\/product\/yoast-seo-wordpress\/ -->\n<title>Elaborarea doliului - Diana Socaciu<\/title>\n<meta name=\"robots\" content=\"index, follow, max-snippet:-1, max-image-preview:large, max-video-preview:-1\" \/>\n<link rel=\"canonical\" href=\"https:\/\/dianasocaciu.com\/ro\/constelatii-familiale-sistemice\/elaborarea-doliului\/\" \/>\n<meta property=\"og:locale\" content=\"ro_RO\" \/>\n<meta property=\"og:type\" content=\"article\" \/>\n<meta property=\"og:title\" content=\"Elaborarea doliului - Diana Socaciu\" \/>\n<meta property=\"og:description\" content=\"Constela\u021bii familiale \u0219i procesul de elaborare a doliului Desigur, \u00een\u021beleg bine c\u0103 tema mor\u021bii este una sensibil\u0103 \u0219i c\u0103 a \u00eenfrunta doliul \u0219i durerea este una dintre cele mai dificile provoc\u0103ri pe care le putem \u00eent\u00e2lni \u00een via\u021b\u0103. Ca profesionist \u00een rela\u021biile de ajutor, am v\u0103zut c\u00e2t de vital este s\u0103 \u00een\u021belegem importan\u021ba elabor\u0103rii durerii [&hellip;]\" \/>\n<meta property=\"og:url\" content=\"https:\/\/dianasocaciu.com\/ro\/constelatii-familiale-sistemice\/elaborarea-doliului\/\" \/>\n<meta property=\"og:site_name\" content=\"Diana Socaciu\" \/>\n<meta property=\"article:published_time\" content=\"2024-05-02T08:50:45+00:00\" \/>\n<meta property=\"article:modified_time\" content=\"2024-05-02T15:28:16+00:00\" \/>\n<meta property=\"og:image\" content=\"https:\/\/dianasocaciu.com\/wp-content\/uploads\/2024\/05\/Elaborazione-del-lutto.jpg\" \/>\n\t<meta property=\"og:image:width\" content=\"1280\" \/>\n\t<meta property=\"og:image:height\" content=\"731\" \/>\n\t<meta property=\"og:image:type\" content=\"image\/jpeg\" \/>\n<meta name=\"author\" content=\"Di@n@\" \/>\n<meta name=\"twitter:card\" content=\"summary_large_image\" \/>\n<meta name=\"twitter:label1\" content=\"Scris de\" \/>\n\t<meta name=\"twitter:data1\" content=\"Di@n@\" \/>\n\t<meta name=\"twitter:label2\" content=\"Timp estimat pentru citire\" \/>\n\t<meta name=\"twitter:data2\" content=\"3 minute\" \/>\n<script type=\"application\/ld+json\" class=\"yoast-schema-graph\">{\"@context\":\"https:\/\/schema.org\",\"@graph\":[{\"@type\":\"Article\",\"@id\":\"https:\/\/dianasocaciu.com\/ro\/constelatii-familiale-sistemice\/elaborarea-doliului\/#article\",\"isPartOf\":{\"@id\":\"https:\/\/dianasocaciu.com\/ro\/constelatii-familiale-sistemice\/elaborarea-doliului\/\"},\"author\":{\"name\":\"Di@n@\",\"@id\":\"https:\/\/dianasocaciu.com\/ro\/#\/schema\/person\/5b5e9945b38efcb50f103e47f889c05a\"},\"headline\":\"Elaborarea doliului\",\"datePublished\":\"2024-05-02T08:50:45+00:00\",\"dateModified\":\"2024-05-02T15:28:16+00:00\",\"mainEntityOfPage\":{\"@id\":\"https:\/\/dianasocaciu.com\/ro\/constelatii-familiale-sistemice\/elaborarea-doliului\/\"},\"wordCount\":566,\"commentCount\":0,\"image\":{\"@id\":\"https:\/\/dianasocaciu.com\/ro\/constelatii-familiale-sistemice\/elaborarea-doliului\/#primaryimage\"},\"thumbnailUrl\":\"https:\/\/dianasocaciu.com\/wp-content\/uploads\/2024\/05\/Elaborazione-del-lutto.jpg\",\"articleSection\":[\"Constela\u021bii familiale sistemice\"],\"inLanguage\":\"ro-RO\",\"potentialAction\":[{\"@type\":\"CommentAction\",\"name\":\"Comment\",\"target\":[\"https:\/\/dianasocaciu.com\/ro\/constelatii-familiale-sistemice\/elaborarea-doliului\/#respond\"]}]},{\"@type\":\"WebPage\",\"@id\":\"https:\/\/dianasocaciu.com\/ro\/constelatii-familiale-sistemice\/elaborarea-doliului\/\",\"url\":\"https:\/\/dianasocaciu.com\/ro\/constelatii-familiale-sistemice\/elaborarea-doliului\/\",\"name\":\"Elaborarea doliului - Diana Socaciu\",\"isPartOf\":{\"@id\":\"https:\/\/dianasocaciu.com\/ro\/#website\"},\"primaryImageOfPage\":{\"@id\":\"https:\/\/dianasocaciu.com\/ro\/constelatii-familiale-sistemice\/elaborarea-doliului\/#primaryimage\"},\"image\":{\"@id\":\"https:\/\/dianasocaciu.com\/ro\/constelatii-familiale-sistemice\/elaborarea-doliului\/#primaryimage\"},\"thumbnailUrl\":\"https:\/\/dianasocaciu.com\/wp-content\/uploads\/2024\/05\/Elaborazione-del-lutto.jpg\",\"datePublished\":\"2024-05-02T08:50:45+00:00\",\"dateModified\":\"2024-05-02T15:28:16+00:00\",\"author\":{\"@id\":\"https:\/\/dianasocaciu.com\/ro\/#\/schema\/person\/5b5e9945b38efcb50f103e47f889c05a\"},\"breadcrumb\":{\"@id\":\"https:\/\/dianasocaciu.com\/ro\/constelatii-familiale-sistemice\/elaborarea-doliului\/#breadcrumb\"},\"inLanguage\":\"ro-RO\",\"potentialAction\":[{\"@type\":\"ReadAction\",\"target\":[\"https:\/\/dianasocaciu.com\/ro\/constelatii-familiale-sistemice\/elaborarea-doliului\/\"]}]},{\"@type\":\"ImageObject\",\"inLanguage\":\"ro-RO\",\"@id\":\"https:\/\/dianasocaciu.com\/ro\/constelatii-familiale-sistemice\/elaborarea-doliului\/#primaryimage\",\"url\":\"https:\/\/dianasocaciu.com\/wp-content\/uploads\/2024\/05\/Elaborazione-del-lutto.jpg\",\"contentUrl\":\"https:\/\/dianasocaciu.com\/wp-content\/uploads\/2024\/05\/Elaborazione-del-lutto.jpg\",\"width\":1280,\"height\":731,\"caption\":\"Come elaborare un lutto personale\"},{\"@type\":\"BreadcrumbList\",\"@id\":\"https:\/\/dianasocaciu.com\/ro\/constelatii-familiale-sistemice\/elaborarea-doliului\/#breadcrumb\",\"itemListElement\":[{\"@type\":\"ListItem\",\"position\":1,\"name\":\"Home\",\"item\":\"https:\/\/dianasocaciu.com\/ro\/home\/\"},{\"@type\":\"ListItem\",\"position\":2,\"name\":\"Elaborarea doliului\"}]},{\"@type\":\"WebSite\",\"@id\":\"https:\/\/dianasocaciu.com\/ro\/#website\",\"url\":\"https:\/\/dianasocaciu.com\/ro\/\",\"name\":\"Costellazioni Familiari \u2022 Coaching \u2022 Trattamenti Olistici\",\"description\":\"Costellazioni Familiari \u2022 Coaching \u2022 Trattamenti Olistici\",\"potentialAction\":[{\"@type\":\"SearchAction\",\"target\":{\"@type\":\"EntryPoint\",\"urlTemplate\":\"https:\/\/dianasocaciu.com\/ro\/?s={search_term_string}\"},\"query-input\":{\"@type\":\"PropertyValueSpecification\",\"valueRequired\":true,\"valueName\":\"search_term_string\"}}],\"inLanguage\":\"ro-RO\"},{\"@type\":\"Person\",\"@id\":\"https:\/\/dianasocaciu.com\/ro\/#\/schema\/person\/5b5e9945b38efcb50f103e47f889c05a\",\"name\":\"Di@n@\",\"image\":{\"@type\":\"ImageObject\",\"inLanguage\":\"ro-RO\",\"@id\":\"https:\/\/dianasocaciu.com\/ro\/#\/schema\/person\/image\/\",\"url\":\"https:\/\/secure.gravatar.com\/avatar\/3ddf29e417fa0e163c6bb392054664d242433c3c8defd8658ccaea1b658c1d2b?s=96&d=mm&r=g\",\"contentUrl\":\"https:\/\/secure.gravatar.com\/avatar\/3ddf29e417fa0e163c6bb392054664d242433c3c8defd8658ccaea1b658c1d2b?s=96&d=mm&r=g\",\"caption\":\"Di@n@\"},\"sameAs\":[\"https:\/\/dianasocaciu.com\"],\"url\":\"https:\/\/dianasocaciu.com\/ro\/author\/din\/\"}]}<\/script>\n<!-- \/ Yoast SEO plugin. -->","yoast_head_json":{"title":"Elaborarea doliului - Diana Socaciu","robots":{"index":"index","follow":"follow","max-snippet":"max-snippet:-1","max-image-preview":"max-image-preview:large","max-video-preview":"max-video-preview:-1"},"canonical":"https:\/\/dianasocaciu.com\/ro\/constelatii-familiale-sistemice\/elaborarea-doliului\/","og_locale":"ro_RO","og_type":"article","og_title":"Elaborarea doliului - Diana Socaciu","og_description":"Constela\u021bii familiale \u0219i procesul de elaborare a doliului Desigur, \u00een\u021beleg bine c\u0103 tema mor\u021bii este una sensibil\u0103 \u0219i c\u0103 a \u00eenfrunta doliul \u0219i durerea este una dintre cele mai dificile provoc\u0103ri pe care le putem \u00eent\u00e2lni \u00een via\u021b\u0103. Ca profesionist \u00een rela\u021biile de ajutor, am v\u0103zut c\u00e2t de vital este s\u0103 \u00een\u021belegem importan\u021ba elabor\u0103rii durerii [&hellip;]","og_url":"https:\/\/dianasocaciu.com\/ro\/constelatii-familiale-sistemice\/elaborarea-doliului\/","og_site_name":"Diana Socaciu","article_published_time":"2024-05-02T08:50:45+00:00","article_modified_time":"2024-05-02T15:28:16+00:00","og_image":[{"width":1280,"height":731,"url":"https:\/\/dianasocaciu.com\/wp-content\/uploads\/2024\/05\/Elaborazione-del-lutto.jpg","type":"image\/jpeg"}],"author":"Di@n@","twitter_card":"summary_large_image","twitter_misc":{"Scris de":"Di@n@","Timp estimat pentru citire":"3 minute"},"schema":{"@context":"https:\/\/schema.org","@graph":[{"@type":"Article","@id":"https:\/\/dianasocaciu.com\/ro\/constelatii-familiale-sistemice\/elaborarea-doliului\/#article","isPartOf":{"@id":"https:\/\/dianasocaciu.com\/ro\/constelatii-familiale-sistemice\/elaborarea-doliului\/"},"author":{"name":"Di@n@","@id":"https:\/\/dianasocaciu.com\/ro\/#\/schema\/person\/5b5e9945b38efcb50f103e47f889c05a"},"headline":"Elaborarea doliului","datePublished":"2024-05-02T08:50:45+00:00","dateModified":"2024-05-02T15:28:16+00:00","mainEntityOfPage":{"@id":"https:\/\/dianasocaciu.com\/ro\/constelatii-familiale-sistemice\/elaborarea-doliului\/"},"wordCount":566,"commentCount":0,"image":{"@id":"https:\/\/dianasocaciu.com\/ro\/constelatii-familiale-sistemice\/elaborarea-doliului\/#primaryimage"},"thumbnailUrl":"https:\/\/dianasocaciu.com\/wp-content\/uploads\/2024\/05\/Elaborazione-del-lutto.jpg","articleSection":["Constela\u021bii familiale sistemice"],"inLanguage":"ro-RO","potentialAction":[{"@type":"CommentAction","name":"Comment","target":["https:\/\/dianasocaciu.com\/ro\/constelatii-familiale-sistemice\/elaborarea-doliului\/#respond"]}]},{"@type":"WebPage","@id":"https:\/\/dianasocaciu.com\/ro\/constelatii-familiale-sistemice\/elaborarea-doliului\/","url":"https:\/\/dianasocaciu.com\/ro\/constelatii-familiale-sistemice\/elaborarea-doliului\/","name":"Elaborarea doliului - Diana Socaciu","isPartOf":{"@id":"https:\/\/dianasocaciu.com\/ro\/#website"},"primaryImageOfPage":{"@id":"https:\/\/dianasocaciu.com\/ro\/constelatii-familiale-sistemice\/elaborarea-doliului\/#primaryimage"},"image":{"@id":"https:\/\/dianasocaciu.com\/ro\/constelatii-familiale-sistemice\/elaborarea-doliului\/#primaryimage"},"thumbnailUrl":"https:\/\/dianasocaciu.com\/wp-content\/uploads\/2024\/05\/Elaborazione-del-lutto.jpg","datePublished":"2024-05-02T08:50:45+00:00","dateModified":"2024-05-02T15:28:16+00:00","author":{"@id":"https:\/\/dianasocaciu.com\/ro\/#\/schema\/person\/5b5e9945b38efcb50f103e47f889c05a"},"breadcrumb":{"@id":"https:\/\/dianasocaciu.com\/ro\/constelatii-familiale-sistemice\/elaborarea-doliului\/#breadcrumb"},"inLanguage":"ro-RO","potentialAction":[{"@type":"ReadAction","target":["https:\/\/dianasocaciu.com\/ro\/constelatii-familiale-sistemice\/elaborarea-doliului\/"]}]},{"@type":"ImageObject","inLanguage":"ro-RO","@id":"https:\/\/dianasocaciu.com\/ro\/constelatii-familiale-sistemice\/elaborarea-doliului\/#primaryimage","url":"https:\/\/dianasocaciu.com\/wp-content\/uploads\/2024\/05\/Elaborazione-del-lutto.jpg","contentUrl":"https:\/\/dianasocaciu.com\/wp-content\/uploads\/2024\/05\/Elaborazione-del-lutto.jpg","width":1280,"height":731,"caption":"Come elaborare un lutto personale"},{"@type":"BreadcrumbList","@id":"https:\/\/dianasocaciu.com\/ro\/constelatii-familiale-sistemice\/elaborarea-doliului\/#breadcrumb","itemListElement":[{"@type":"ListItem","position":1,"name":"Home","item":"https:\/\/dianasocaciu.com\/ro\/home\/"},{"@type":"ListItem","position":2,"name":"Elaborarea doliului"}]},{"@type":"WebSite","@id":"https:\/\/dianasocaciu.com\/ro\/#website","url":"https:\/\/dianasocaciu.com\/ro\/","name":"Costellazioni Familiari \u2022 Coaching \u2022 Trattamenti Olistici","description":"Costellazioni Familiari \u2022 Coaching \u2022 Trattamenti Olistici","potentialAction":[{"@type":"SearchAction","target":{"@type":"EntryPoint","urlTemplate":"https:\/\/dianasocaciu.com\/ro\/?s={search_term_string}"},"query-input":{"@type":"PropertyValueSpecification","valueRequired":true,"valueName":"search_term_string"}}],"inLanguage":"ro-RO"},{"@type":"Person","@id":"https:\/\/dianasocaciu.com\/ro\/#\/schema\/person\/5b5e9945b38efcb50f103e47f889c05a","name":"Di@n@","image":{"@type":"ImageObject","inLanguage":"ro-RO","@id":"https:\/\/dianasocaciu.com\/ro\/#\/schema\/person\/image\/","url":"https:\/\/secure.gravatar.com\/avatar\/3ddf29e417fa0e163c6bb392054664d242433c3c8defd8658ccaea1b658c1d2b?s=96&d=mm&r=g","contentUrl":"https:\/\/secure.gravatar.com\/avatar\/3ddf29e417fa0e163c6bb392054664d242433c3c8defd8658ccaea1b658c1d2b?s=96&d=mm&r=g","caption":"Di@n@"},"sameAs":["https:\/\/dianasocaciu.com"],"url":"https:\/\/dianasocaciu.com\/ro\/author\/din\/"}]}},"_links":{"self":[{"href":"https:\/\/dianasocaciu.com\/ro\/wp-json\/wp\/v2\/posts\/1312","targetHints":{"allow":["GET"]}}],"collection":[{"href":"https:\/\/dianasocaciu.com\/ro\/wp-json\/wp\/v2\/posts"}],"about":[{"href":"https:\/\/dianasocaciu.com\/ro\/wp-json\/wp\/v2\/types\/post"}],"author":[{"embeddable":true,"href":"https:\/\/dianasocaciu.com\/ro\/wp-json\/wp\/v2\/users\/1"}],"replies":[{"embeddable":true,"href":"https:\/\/dianasocaciu.com\/ro\/wp-json\/wp\/v2\/comments?post=1312"}],"version-history":[{"count":8,"href":"https:\/\/dianasocaciu.com\/ro\/wp-json\/wp\/v2\/posts\/1312\/revisions"}],"predecessor-version":[{"id":1448,"href":"https:\/\/dianasocaciu.com\/ro\/wp-json\/wp\/v2\/posts\/1312\/revisions\/1448"}],"wp:featuredmedia":[{"embeddable":true,"href":"https:\/\/dianasocaciu.com\/ro\/wp-json\/wp\/v2\/media\/1307"}],"wp:attachment":[{"href":"https:\/\/dianasocaciu.com\/ro\/wp-json\/wp\/v2\/media?parent=1312"}],"wp:term":[{"taxonomy":"category","embeddable":true,"href":"https:\/\/dianasocaciu.com\/ro\/wp-json\/wp\/v2\/categories?post=1312"},{"taxonomy":"post_tag","embeddable":true,"href":"https:\/\/dianasocaciu.com\/ro\/wp-json\/wp\/v2\/tags?post=1312"}],"curies":[{"name":"wp","href":"https:\/\/api.w.org\/{rel}","templated":true}]}}