{"id":1474,"date":"2024-05-14T23:07:45","date_gmt":"2024-05-14T21:07:45","guid":{"rendered":"https:\/\/dianasocaciu.com\/?p=1474"},"modified":"2024-05-14T23:07:45","modified_gmt":"2024-05-14T21:07:45","slug":"oaia-neagra-in-constelatiile-familiale","status":"publish","type":"post","link":"https:\/\/dianasocaciu.com\/ro\/constelatii-familiale-sistemice\/oaia-neagra-in-constelatiile-familiale\/","title":{"rendered":"Oaia Neagra \u00een constela\u021biile\u00a0familiale"},"content":{"rendered":"\t\t<div data-elementor-type=\"wp-post\" data-elementor-id=\"1474\" class=\"elementor elementor-1474 elementor-1463\" data-elementor-post-type=\"post\">\n\t\t\t\t<div class=\"elementor-element elementor-element-0d7e335 e-flex e-con-boxed e-con e-parent\" data-id=\"0d7e335\" data-element_type=\"container\" data-e-type=\"container\">\n\t\t\t\t\t<div class=\"e-con-inner\">\n\t\t\t\t<div class=\"elementor-element elementor-element-7d8c2ff elementor-widget elementor-widget-text-editor\" data-id=\"7d8c2ff\" data-element_type=\"widget\" data-e-type=\"widget\" data-widget_type=\"text-editor.default\">\n\t\t\t\t<div class=\"elementor-widget-container\">\n\t\t\t\t\t\t\t\t\t<h2 style=\"text-align: justify;\">Semnifica\u021bia adev\u0103rat\u0103 a &#8222;oii negre&#8221; \u00een constela\u021biile familiale<\/h2><p style=\"text-align: justify;\">&#8222;<em style=\"font-weight: bold;\">Oile negre ale unei familii sunt, de fapt, eliberatoarele arborelui lor genealogic.<\/em><\/p><p style=\"text-align: justify;\"><em>Sunt acei membri ai familiei care nu se conformeaz\u0103 regulilor sau tradi\u021biilor familiale, cei care \u00eencearc\u0103 \u00een mod constant s\u0103 revolu\u021bioneze credin\u021bele. Cei care aleg c\u0103i opuse drumurilor bine b\u0103tute ale liniei familiale, cei care sunt critica\u021bi, judeca\u021bi \u0219i chiar respin\u0219i. <\/em><\/p><p style=\"text-align: justify;\"><em>Ace\u0219tia sunt chema\u021bi s\u0103 elibereze familia de tiparele repetitive care frustreaz\u0103 genera\u021bii \u00eentregi. Aceste a\u0219a-numite \u201eoi negre\u201d, cei care nu se adapteaz\u0103, cei care url\u0103 cu rebeliune, de fapt repar\u0103, detoxific\u0103 \u0219i creeaz\u0103 noi ramuri \u00eenfloritoare \u00een arborele lor genealogic.<\/em><\/p><p style=\"text-align: justify;\"><em>Nenum\u0103rate dorin\u021be ne\u00eemplinite, visuri spulberate sau talente frustrate ale str\u0103mo\u0219ilor no\u0219tri se manifest\u0103 prin aceast\u0103 revolt\u0103. Prin iner\u021bie, arborele genealogic va face tot posibilul pentru a men\u021bine parcursul s\u0103u castrant \u0219i toxic, ceea ce va face ca sarcina rebelului s\u0103 fie dificil\u0103 \u0219i conflictual\u0103.<\/em><\/p><p style=\"text-align: justify;\"><em>Nu mai pune la \u00eendoial\u0103 \u0219i \u00eengrije\u0219te-\u021bi raritatea \u201eca pe cea mai pre\u021bioas\u0103 floare a arborelui t\u0103u. <strong>E\u0219ti visul realizat al tuturor str\u0103mo\u0219ilor t\u0103i.&#8221;<\/strong> \u00a0(Bert Hellinger)<\/em><\/p><h3 style=\"text-align: justify;\">A fi &#8222;oaia neagr\u0103&#8221; a familiei: recunoa\u0219te-te pentru a te elibera<\/h3><p style=\"text-align: justify;\">\u00cen ad\u00e2ncul fiec\u0103rei familii se ascunde o poveste complex\u0103, \u00eentesat\u0103 cu tipare \u0219i tradi\u021bii transmise de-a lungul genera\u021biilor. Exist\u0103 insa un moment \u00een care <strong>un suflet curajos \u0219i hot\u0103r\u00e2t<\/strong> decide s\u0103 se ridice \u00eempotriva valurilor trecutului \u0219i s\u0103 schimbe cursul destinului s\u0103u \u0219i al celor ce vor veni dup\u0103 el.<\/p><p style=\"text-align: justify;\">Acest suflet ne\u00een\u021beles \u0219i adesea marginalizat \u00een familie este cunoscut sub numele de <strong>&#8222;oaie neagr\u0103&#8221;.<\/strong><\/p><p style=\"text-align: justify;\">Este cel care \u00eendr\u0103zne\u0219te <strong>s\u0103 rup\u0103 lan\u021burile obi\u0219nuin\u021belor<\/strong> \u0219i s\u0103 aduc\u0103 lumin\u0103 \u00een \u00eentunericul secretelor de familie. El devine <strong>purt\u0103torul fl\u0103c\u0103rii transform\u0103rii<\/strong>, fiind martorul \u0219i adesea instigatorul schimb\u0103rii \u00een cadrul arborelui genealogic. Oaia neagr\u0103 se remarc\u0103 prin tr\u0103s\u0103turi distincte:<\/p><ul style=\"text-align: justify;\"><li>este cel care observ\u0103 \u0219i recunoa\u0219te gre\u0219elile ancestrale \u0219i este dornic s\u0103 le corecteze;<\/li><li>este acela care refuz\u0103 s\u0103 se supun\u0103 tradi\u021biilor toxice \u0219i caut\u0103 s\u0103 le \u00eenlocuiasc\u0103 cu practici mai s\u0103n\u0103toase \u0219i mai benefice;<\/li><li>este acela care p\u0103trunde \u00een ad\u00e2ncurile sufletului s\u0103u \u0219i devine c\u0103ut\u0103tor de \u00een\u021belepciune \u0219i vindecare holistic\u0103.<\/li><\/ul><p style=\"text-align: justify;\">Drumul s\u0103u din pacate este pres\u0103rat cu obstacole \u0219i \u00eencerc\u0103ri, c\u0103ci adesea este <strong>respins \u0219i criticat<\/strong> de cei din jur.<\/p><p style=\"text-align: justify;\">Totu\u0219i, dragostea sa pentru clanul s\u0103u este at\u00e2t de profund\u0103 \u00eenc\u00e2t devine <strong>pionul crucial \u00een eliberarea acestuia din lan\u021burile repeti\u021biei \u0219i suferin\u021bei.<\/strong><\/p><p style=\"text-align: justify;\">\u0218i astfel, oaia neagr\u0103 devine instrumentul divin al transform\u0103rii, aduc\u00e2nd o adiere proasp\u0103t\u0103 de <strong>schimbare \u0219i vindecare<\/strong> \u00een cadrul familiei sale. Cu fiecare pas pe care-l face, el cultiv\u0103 s\u0103m\u00e2n\u021ba divinit\u0103\u021bii care zace adormit\u0103 \u00een interiorul s\u0103u, aduc\u00e2nd astfel la lumin\u0103 miracolul transform\u0103rii \u0219i descoperind adev\u0103ratul sens al succesului: &#8211; c\u0103l\u0103toria spre devenirea deplinei sale poten\u021bialit\u0103\u021bi divine.<\/p><h3 style=\"text-align: justify;\">A fi &#8222;oaia neagr\u0103&#8221; a familiei: povara sentimentului de vinov\u0103\u021bie<\/h3><p style=\"text-align: justify;\">Nu e \u00eentotdeauna simplu s\u0103 \u00ee\u021bi dai voie, s\u0103 \u00ee\u021bi permi\u021bi s\u0103 fii fericit.<\/p><p style=\"text-align: justify;\">Adesea, sim\u021bim o profund\u0103 leg\u0103tur\u0103 cu str\u0103mo\u0219ii no\u0219tri \u0219i, dac\u0103 sim\u021bim c\u0103 ei nu au tr\u0103it fericirea, ne sim\u021bim cople\u0219i\u021bi de <strong>vinov\u0103\u021bie<\/strong> la g\u00e2ndul de <strong>a ne bucura de via\u021b\u0103.<\/strong><\/p><p style=\"text-align: justify;\">Aceasta se \u00eent\u00e2mpl\u0103 din <strong>loialitate, dintr-o nevoie profund\u0103 de apartenen\u021b\u0103 \u0219i dintr-o iubire oarb\u0103.<\/strong><\/p><p style=\"text-align: justify;\">\u00cen toate pove\u0219tile pe care le-am auzit inca din copilarie exist\u0103 \u00eentotdeauna un erou, un arhetip\u201d, <strong><em>pionier <\/em><\/strong>\u00een centrul ac\u021biunii.<\/p><p style=\"text-align: justify;\">Aceast\u0103 <strong>loialitate incon\u0219tient\u0103<\/strong>, pe care Bert Hellinger o nume\u0219te \u201econ\u0219tiin\u021ba bun\u0103\u201d, este devotamentul nostru fa\u021b\u0103 de destinele celor care ne-au precedat.<\/p><p style=\"text-align: justify;\">Con\u0219tiin\u021ba bun\u0103, a\u0219a cum o descrie Hellinger, \u00eenseamn\u0103 \u201c<strong>s\u0103 r\u0103m\u00e2i fidel destinelor predecesorilor t\u0103i\u201d, <\/strong>cu toate ca acest lucru iti provoaca neplaceri, daune si deseori boli<strong>. <\/strong>\u00a0<\/p><p style=\"text-align: justify;\">De exemplu, c\u00e2nd o \u201c<em>pionier\u0103\u201d<\/em> decide s\u0103 aib\u0103 o rela\u021bie satisfacatoare, pozitiva, plina de iubire, ea se simte vinovat\u0103 pentru c\u0103 se bucur\u0103 de aceasta \u0219i ajunge s\u0103 se autosaboteze pentru a nu fi diferita de toate acele femei din clanul familial care au precedat-o, au suferit si nu au cunoscut fericirea. \u00a0<\/p><p style=\"text-align: justify;\">\u00cen cele din urm\u0103, aceast\u0103 dizarmonie o va duce direct la tristete si nefericire dar, \u00een suferin\u021ba ei, r\u0103m\u00e2ne loial\u0103 familiei sale.<\/p><p style=\"text-align: justify;\">Acest sentiment de \u201c<strong>inocen\u021b\u0103\u201d<\/strong> ne face s\u0103 credem c\u0103 ne-am c\u00e2\u0219tigat dreptul de a apar\u021bine grupului nostru de origine si ca doar asa vom putea apartine neamului.<\/p><p style=\"text-align: justify;\">Pe de alt\u0103 parte, c\u00e2nd alegem s\u0103 urm\u0103m \u201e<em>con\u0219tiin\u021ba rea\u201d<\/em> dupa cum a numit-o Hellinger, ne confrunt\u0103m cu \u201c<strong>sentimentul de vinov\u0103\u021bie\u201d<\/strong>, cu toate ca suntem constienti si \u0219tim bine \u00a0c\u0103 succesul in viata, implinirea propriilor dorin\u021bele \u0219i fericirea personala trebuie s\u0103 fie prioritatea noastr\u0103 absolut\u0103.<\/p><p style=\"text-align: justify;\">A fi pionier nu este o alegere ra\u021bional\u0103, ci ceva profund \u0219i automat. Este o parte sacr\u0103 a existen\u021bei noastre \u0219i este \u00eenscris\u0103 \u00een esen\u021ba fiec\u0103rui suflet, prezent\u0103 \u00een fiecare celul\u0103 a noastr\u0103.<\/p><p style=\"text-align: justify;\">G\u00e2nde\u0219te-te la un arbore genealogic cu sapte genera\u021bii de profesori universitari, iar al optulea descendent este un sofer, sau o generatie de medici iar ultimul se face muzician, sau pictor, sau actor.<\/p><p style=\"text-align: justify;\">Acest muzician, artist, sofer, agricultor care rupe traditia familiala se va sim\u021bi nepotrivit, crez\u00e2nd c\u0103 nu are pe nimeni caruia sa-i semene \u00een familie. \u00a0Si de aici multe probleme care vor da nastere la urmari neplacute in viata urmasilor arborelui nostru genealogic.<\/p>\t\t\t\t\t\t\t\t<\/div>\n\t\t\t\t<\/div>\n\t\t\t\t\t<\/div>\n\t\t\t\t<\/div>\n\t\t\t\t<\/div>\n\t\t","protected":false},"excerpt":{"rendered":"<p>Semnifica\u021bia adev\u0103rat\u0103 a &#8222;oii negre&#8221; \u00een constela\u021biile familiale A fi &#8222;oaia neagr\u0103&#8221; a familiei: recunoa\u0219te-te pentru a te elibera este cel care observ\u0103 \u0219i recunoa\u0219te gre\u0219elile ancestrale \u0219i este dornic s\u0103 le corecteze; este acela care refuz\u0103 s\u0103 se supun\u0103 tradi\u021biilor toxice \u0219i caut\u0103 s\u0103 le \u00eenlocuiasc\u0103 cu practici mai s\u0103n\u0103toase \u0219i mai benefice; este [&hellip;]<\/p>\n","protected":false},"author":1,"featured_media":1454,"comment_status":"open","ping_status":"open","sticky":false,"template":"","format":"standard","meta":{"_acf_changed":false,"inline_featured_image":false,"footnotes":""},"categories":[13],"tags":[],"class_list":["post-1474","post","type-post","status-publish","format-standard","has-post-thumbnail","hentry","category-constelatii-familiale-sistemice"],"acf":[],"yoast_head":"<!-- This site is optimized with the Yoast SEO plugin v27.0 - https:\/\/yoast.com\/product\/yoast-seo-wordpress\/ -->\n<title>Oaia Neagra \u00een constela\u021biile\u00a0familiale - Diana Socaciu<\/title>\n<meta name=\"robots\" content=\"index, follow, max-snippet:-1, max-image-preview:large, max-video-preview:-1\" \/>\n<link rel=\"canonical\" href=\"https:\/\/dianasocaciu.com\/ro\/constelatii-familiale-sistemice\/oaia-neagra-in-constelatiile-familiale\/\" \/>\n<meta property=\"og:locale\" content=\"ro_RO\" \/>\n<meta property=\"og:type\" content=\"article\" \/>\n<meta property=\"og:title\" content=\"Oaia Neagra \u00een constela\u021biile\u00a0familiale - Diana Socaciu\" \/>\n<meta property=\"og:description\" content=\"Semnifica\u021bia adev\u0103rat\u0103 a &#8222;oii negre&#8221; \u00een constela\u021biile familiale A fi &#8222;oaia neagr\u0103&#8221; a familiei: recunoa\u0219te-te pentru a te elibera este cel care observ\u0103 \u0219i recunoa\u0219te gre\u0219elile ancestrale \u0219i este dornic s\u0103 le corecteze; este acela care refuz\u0103 s\u0103 se supun\u0103 tradi\u021biilor toxice \u0219i caut\u0103 s\u0103 le \u00eenlocuiasc\u0103 cu practici mai s\u0103n\u0103toase \u0219i mai benefice; este [&hellip;]\" \/>\n<meta property=\"og:url\" content=\"https:\/\/dianasocaciu.com\/ro\/constelatii-familiale-sistemice\/oaia-neagra-in-constelatiile-familiale\/\" \/>\n<meta property=\"og:site_name\" content=\"Diana Socaciu\" \/>\n<meta property=\"article:published_time\" content=\"2024-05-14T21:07:45+00:00\" \/>\n<meta property=\"og:image\" content=\"https:\/\/dianasocaciu.com\/wp-content\/uploads\/2024\/05\/La-pecora-nera-2.jpeg\" \/>\n\t<meta property=\"og:image:width\" content=\"612\" \/>\n\t<meta property=\"og:image:height\" content=\"437\" \/>\n\t<meta property=\"og:image:type\" content=\"image\/jpeg\" \/>\n<meta name=\"author\" content=\"Di@n@\" \/>\n<meta name=\"twitter:card\" content=\"summary_large_image\" \/>\n<meta name=\"twitter:label1\" content=\"Scris de\" \/>\n\t<meta name=\"twitter:data1\" content=\"Di@n@\" \/>\n<script type=\"application\/ld+json\" class=\"yoast-schema-graph\">{\"@context\":\"https:\/\/schema.org\",\"@graph\":[{\"@type\":\"Article\",\"@id\":\"https:\/\/dianasocaciu.com\/ro\/constelatii-familiale-sistemice\/oaia-neagra-in-constelatiile-familiale\/#article\",\"isPartOf\":{\"@id\":\"https:\/\/dianasocaciu.com\/ro\/constelatii-familiale-sistemice\/oaia-neagra-in-constelatiile-familiale\/\"},\"author\":{\"name\":\"Di@n@\",\"@id\":\"https:\/\/dianasocaciu.com\/ro\/#\/schema\/person\/5b5e9945b38efcb50f103e47f889c05a\"},\"headline\":\"Oaia Neagra \u00een constela\u021biile\u00a0familiale\",\"datePublished\":\"2024-05-14T21:07:45+00:00\",\"mainEntityOfPage\":{\"@id\":\"https:\/\/dianasocaciu.com\/ro\/constelatii-familiale-sistemice\/oaia-neagra-in-constelatiile-familiale\/\"},\"wordCount\":102,\"commentCount\":0,\"image\":{\"@id\":\"https:\/\/dianasocaciu.com\/ro\/constelatii-familiale-sistemice\/oaia-neagra-in-constelatiile-familiale\/#primaryimage\"},\"thumbnailUrl\":\"https:\/\/dianasocaciu.com\/wp-content\/uploads\/2024\/05\/La-pecora-nera-2.jpeg\",\"articleSection\":[\"Constela\u021bii familiale sistemice\"],\"inLanguage\":\"ro-RO\",\"potentialAction\":[{\"@type\":\"CommentAction\",\"name\":\"Comment\",\"target\":[\"https:\/\/dianasocaciu.com\/ro\/constelatii-familiale-sistemice\/oaia-neagra-in-constelatiile-familiale\/#respond\"]}]},{\"@type\":\"WebPage\",\"@id\":\"https:\/\/dianasocaciu.com\/ro\/constelatii-familiale-sistemice\/oaia-neagra-in-constelatiile-familiale\/\",\"url\":\"https:\/\/dianasocaciu.com\/ro\/constelatii-familiale-sistemice\/oaia-neagra-in-constelatiile-familiale\/\",\"name\":\"Oaia Neagra \u00een constela\u021biile\u00a0familiale - Diana Socaciu\",\"isPartOf\":{\"@id\":\"https:\/\/dianasocaciu.com\/ro\/#website\"},\"primaryImageOfPage\":{\"@id\":\"https:\/\/dianasocaciu.com\/ro\/constelatii-familiale-sistemice\/oaia-neagra-in-constelatiile-familiale\/#primaryimage\"},\"image\":{\"@id\":\"https:\/\/dianasocaciu.com\/ro\/constelatii-familiale-sistemice\/oaia-neagra-in-constelatiile-familiale\/#primaryimage\"},\"thumbnailUrl\":\"https:\/\/dianasocaciu.com\/wp-content\/uploads\/2024\/05\/La-pecora-nera-2.jpeg\",\"datePublished\":\"2024-05-14T21:07:45+00:00\",\"author\":{\"@id\":\"https:\/\/dianasocaciu.com\/ro\/#\/schema\/person\/5b5e9945b38efcb50f103e47f889c05a\"},\"breadcrumb\":{\"@id\":\"https:\/\/dianasocaciu.com\/ro\/constelatii-familiale-sistemice\/oaia-neagra-in-constelatiile-familiale\/#breadcrumb\"},\"inLanguage\":\"ro-RO\",\"potentialAction\":[{\"@type\":\"ReadAction\",\"target\":[\"https:\/\/dianasocaciu.com\/ro\/constelatii-familiale-sistemice\/oaia-neagra-in-constelatiile-familiale\/\"]}]},{\"@type\":\"ImageObject\",\"inLanguage\":\"ro-RO\",\"@id\":\"https:\/\/dianasocaciu.com\/ro\/constelatii-familiale-sistemice\/oaia-neagra-in-constelatiile-familiale\/#primaryimage\",\"url\":\"https:\/\/dianasocaciu.com\/wp-content\/uploads\/2024\/05\/La-pecora-nera-2.jpeg\",\"contentUrl\":\"https:\/\/dianasocaciu.com\/wp-content\/uploads\/2024\/05\/La-pecora-nera-2.jpeg\",\"width\":612,\"height\":437},{\"@type\":\"BreadcrumbList\",\"@id\":\"https:\/\/dianasocaciu.com\/ro\/constelatii-familiale-sistemice\/oaia-neagra-in-constelatiile-familiale\/#breadcrumb\",\"itemListElement\":[{\"@type\":\"ListItem\",\"position\":1,\"name\":\"Home\",\"item\":\"https:\/\/dianasocaciu.com\/ro\/home\/\"},{\"@type\":\"ListItem\",\"position\":2,\"name\":\"Oaia Neagra \u00een constela\u021biile\u00a0familiale\"}]},{\"@type\":\"WebSite\",\"@id\":\"https:\/\/dianasocaciu.com\/ro\/#website\",\"url\":\"https:\/\/dianasocaciu.com\/ro\/\",\"name\":\"Costellazioni Familiari \u2022 Coaching \u2022 Trattamenti Olistici\",\"description\":\"Costellazioni Familiari \u2022 Coaching \u2022 Trattamenti Olistici\",\"potentialAction\":[{\"@type\":\"SearchAction\",\"target\":{\"@type\":\"EntryPoint\",\"urlTemplate\":\"https:\/\/dianasocaciu.com\/ro\/?s={search_term_string}\"},\"query-input\":{\"@type\":\"PropertyValueSpecification\",\"valueRequired\":true,\"valueName\":\"search_term_string\"}}],\"inLanguage\":\"ro-RO\"},{\"@type\":\"Person\",\"@id\":\"https:\/\/dianasocaciu.com\/ro\/#\/schema\/person\/5b5e9945b38efcb50f103e47f889c05a\",\"name\":\"Di@n@\",\"image\":{\"@type\":\"ImageObject\",\"inLanguage\":\"ro-RO\",\"@id\":\"https:\/\/dianasocaciu.com\/ro\/#\/schema\/person\/image\/\",\"url\":\"https:\/\/secure.gravatar.com\/avatar\/3ddf29e417fa0e163c6bb392054664d242433c3c8defd8658ccaea1b658c1d2b?s=96&d=mm&r=g\",\"contentUrl\":\"https:\/\/secure.gravatar.com\/avatar\/3ddf29e417fa0e163c6bb392054664d242433c3c8defd8658ccaea1b658c1d2b?s=96&d=mm&r=g\",\"caption\":\"Di@n@\"},\"sameAs\":[\"https:\/\/dianasocaciu.com\"],\"url\":\"https:\/\/dianasocaciu.com\/ro\/author\/din\/\"}]}<\/script>\n<!-- \/ Yoast SEO plugin. -->","yoast_head_json":{"title":"Oaia Neagra \u00een constela\u021biile\u00a0familiale - Diana Socaciu","robots":{"index":"index","follow":"follow","max-snippet":"max-snippet:-1","max-image-preview":"max-image-preview:large","max-video-preview":"max-video-preview:-1"},"canonical":"https:\/\/dianasocaciu.com\/ro\/constelatii-familiale-sistemice\/oaia-neagra-in-constelatiile-familiale\/","og_locale":"ro_RO","og_type":"article","og_title":"Oaia Neagra \u00een constela\u021biile\u00a0familiale - Diana Socaciu","og_description":"Semnifica\u021bia adev\u0103rat\u0103 a &#8222;oii negre&#8221; \u00een constela\u021biile familiale A fi &#8222;oaia neagr\u0103&#8221; a familiei: recunoa\u0219te-te pentru a te elibera este cel care observ\u0103 \u0219i recunoa\u0219te gre\u0219elile ancestrale \u0219i este dornic s\u0103 le corecteze; este acela care refuz\u0103 s\u0103 se supun\u0103 tradi\u021biilor toxice \u0219i caut\u0103 s\u0103 le \u00eenlocuiasc\u0103 cu practici mai s\u0103n\u0103toase \u0219i mai benefice; este [&hellip;]","og_url":"https:\/\/dianasocaciu.com\/ro\/constelatii-familiale-sistemice\/oaia-neagra-in-constelatiile-familiale\/","og_site_name":"Diana Socaciu","article_published_time":"2024-05-14T21:07:45+00:00","og_image":[{"width":612,"height":437,"url":"https:\/\/dianasocaciu.com\/wp-content\/uploads\/2024\/05\/La-pecora-nera-2.jpeg","type":"image\/jpeg"}],"author":"Di@n@","twitter_card":"summary_large_image","twitter_misc":{"Scris de":"Di@n@"},"schema":{"@context":"https:\/\/schema.org","@graph":[{"@type":"Article","@id":"https:\/\/dianasocaciu.com\/ro\/constelatii-familiale-sistemice\/oaia-neagra-in-constelatiile-familiale\/#article","isPartOf":{"@id":"https:\/\/dianasocaciu.com\/ro\/constelatii-familiale-sistemice\/oaia-neagra-in-constelatiile-familiale\/"},"author":{"name":"Di@n@","@id":"https:\/\/dianasocaciu.com\/ro\/#\/schema\/person\/5b5e9945b38efcb50f103e47f889c05a"},"headline":"Oaia Neagra \u00een constela\u021biile\u00a0familiale","datePublished":"2024-05-14T21:07:45+00:00","mainEntityOfPage":{"@id":"https:\/\/dianasocaciu.com\/ro\/constelatii-familiale-sistemice\/oaia-neagra-in-constelatiile-familiale\/"},"wordCount":102,"commentCount":0,"image":{"@id":"https:\/\/dianasocaciu.com\/ro\/constelatii-familiale-sistemice\/oaia-neagra-in-constelatiile-familiale\/#primaryimage"},"thumbnailUrl":"https:\/\/dianasocaciu.com\/wp-content\/uploads\/2024\/05\/La-pecora-nera-2.jpeg","articleSection":["Constela\u021bii familiale sistemice"],"inLanguage":"ro-RO","potentialAction":[{"@type":"CommentAction","name":"Comment","target":["https:\/\/dianasocaciu.com\/ro\/constelatii-familiale-sistemice\/oaia-neagra-in-constelatiile-familiale\/#respond"]}]},{"@type":"WebPage","@id":"https:\/\/dianasocaciu.com\/ro\/constelatii-familiale-sistemice\/oaia-neagra-in-constelatiile-familiale\/","url":"https:\/\/dianasocaciu.com\/ro\/constelatii-familiale-sistemice\/oaia-neagra-in-constelatiile-familiale\/","name":"Oaia Neagra \u00een constela\u021biile\u00a0familiale - Diana Socaciu","isPartOf":{"@id":"https:\/\/dianasocaciu.com\/ro\/#website"},"primaryImageOfPage":{"@id":"https:\/\/dianasocaciu.com\/ro\/constelatii-familiale-sistemice\/oaia-neagra-in-constelatiile-familiale\/#primaryimage"},"image":{"@id":"https:\/\/dianasocaciu.com\/ro\/constelatii-familiale-sistemice\/oaia-neagra-in-constelatiile-familiale\/#primaryimage"},"thumbnailUrl":"https:\/\/dianasocaciu.com\/wp-content\/uploads\/2024\/05\/La-pecora-nera-2.jpeg","datePublished":"2024-05-14T21:07:45+00:00","author":{"@id":"https:\/\/dianasocaciu.com\/ro\/#\/schema\/person\/5b5e9945b38efcb50f103e47f889c05a"},"breadcrumb":{"@id":"https:\/\/dianasocaciu.com\/ro\/constelatii-familiale-sistemice\/oaia-neagra-in-constelatiile-familiale\/#breadcrumb"},"inLanguage":"ro-RO","potentialAction":[{"@type":"ReadAction","target":["https:\/\/dianasocaciu.com\/ro\/constelatii-familiale-sistemice\/oaia-neagra-in-constelatiile-familiale\/"]}]},{"@type":"ImageObject","inLanguage":"ro-RO","@id":"https:\/\/dianasocaciu.com\/ro\/constelatii-familiale-sistemice\/oaia-neagra-in-constelatiile-familiale\/#primaryimage","url":"https:\/\/dianasocaciu.com\/wp-content\/uploads\/2024\/05\/La-pecora-nera-2.jpeg","contentUrl":"https:\/\/dianasocaciu.com\/wp-content\/uploads\/2024\/05\/La-pecora-nera-2.jpeg","width":612,"height":437},{"@type":"BreadcrumbList","@id":"https:\/\/dianasocaciu.com\/ro\/constelatii-familiale-sistemice\/oaia-neagra-in-constelatiile-familiale\/#breadcrumb","itemListElement":[{"@type":"ListItem","position":1,"name":"Home","item":"https:\/\/dianasocaciu.com\/ro\/home\/"},{"@type":"ListItem","position":2,"name":"Oaia Neagra \u00een constela\u021biile\u00a0familiale"}]},{"@type":"WebSite","@id":"https:\/\/dianasocaciu.com\/ro\/#website","url":"https:\/\/dianasocaciu.com\/ro\/","name":"Costellazioni Familiari \u2022 Coaching \u2022 Trattamenti Olistici","description":"Costellazioni Familiari \u2022 Coaching \u2022 Trattamenti Olistici","potentialAction":[{"@type":"SearchAction","target":{"@type":"EntryPoint","urlTemplate":"https:\/\/dianasocaciu.com\/ro\/?s={search_term_string}"},"query-input":{"@type":"PropertyValueSpecification","valueRequired":true,"valueName":"search_term_string"}}],"inLanguage":"ro-RO"},{"@type":"Person","@id":"https:\/\/dianasocaciu.com\/ro\/#\/schema\/person\/5b5e9945b38efcb50f103e47f889c05a","name":"Di@n@","image":{"@type":"ImageObject","inLanguage":"ro-RO","@id":"https:\/\/dianasocaciu.com\/ro\/#\/schema\/person\/image\/","url":"https:\/\/secure.gravatar.com\/avatar\/3ddf29e417fa0e163c6bb392054664d242433c3c8defd8658ccaea1b658c1d2b?s=96&d=mm&r=g","contentUrl":"https:\/\/secure.gravatar.com\/avatar\/3ddf29e417fa0e163c6bb392054664d242433c3c8defd8658ccaea1b658c1d2b?s=96&d=mm&r=g","caption":"Di@n@"},"sameAs":["https:\/\/dianasocaciu.com"],"url":"https:\/\/dianasocaciu.com\/ro\/author\/din\/"}]}},"_links":{"self":[{"href":"https:\/\/dianasocaciu.com\/ro\/wp-json\/wp\/v2\/posts\/1474","targetHints":{"allow":["GET"]}}],"collection":[{"href":"https:\/\/dianasocaciu.com\/ro\/wp-json\/wp\/v2\/posts"}],"about":[{"href":"https:\/\/dianasocaciu.com\/ro\/wp-json\/wp\/v2\/types\/post"}],"author":[{"embeddable":true,"href":"https:\/\/dianasocaciu.com\/ro\/wp-json\/wp\/v2\/users\/1"}],"replies":[{"embeddable":true,"href":"https:\/\/dianasocaciu.com\/ro\/wp-json\/wp\/v2\/comments?post=1474"}],"version-history":[{"count":5,"href":"https:\/\/dianasocaciu.com\/ro\/wp-json\/wp\/v2\/posts\/1474\/revisions"}],"predecessor-version":[{"id":1479,"href":"https:\/\/dianasocaciu.com\/ro\/wp-json\/wp\/v2\/posts\/1474\/revisions\/1479"}],"wp:featuredmedia":[{"embeddable":true,"href":"https:\/\/dianasocaciu.com\/ro\/wp-json\/wp\/v2\/media\/1454"}],"wp:attachment":[{"href":"https:\/\/dianasocaciu.com\/ro\/wp-json\/wp\/v2\/media?parent=1474"}],"wp:term":[{"taxonomy":"category","embeddable":true,"href":"https:\/\/dianasocaciu.com\/ro\/wp-json\/wp\/v2\/categories?post=1474"},{"taxonomy":"post_tag","embeddable":true,"href":"https:\/\/dianasocaciu.com\/ro\/wp-json\/wp\/v2\/tags?post=1474"}],"curies":[{"name":"wp","href":"https:\/\/api.w.org\/{rel}","templated":true}]}}